{"id":7008,"date":"2024-11-21T22:43:41","date_gmt":"2024-11-21T22:43:41","guid":{"rendered":"https:\/\/ranko-ajdinovic.com\/?p=7008"},"modified":"2024-11-21T22:43:41","modified_gmt":"2024-11-21T22:43:41","slug":"dani-za-druzenje-i-umjetnost-u-galeriji-ajdinovic","status":"publish","type":"post","link":"https:\/\/ranko-ajdinovic.com\/en\/dani-za-druzenje-i-umjetnost-u-galeriji-ajdinovic\/","title":{"rendered":"Dani za dru\u017eenje i umjetnost u Galeriji Ajdinovi\u0107"},"content":{"rendered":"<h1><strong>Dani za Dru\u017eanje i Umjetnost u Mojem Ateljeu<\/strong><\/h1>\n<p>&nbsp;<\/p>\n<p>&nbsp;<\/p>\n<p><a href=\"https:\/\/ranko-ajdinovic.com\/wp-content\/uploads\/2024\/11\/Ajdinovic-Ranko-fotografiran-u-svojoj-galeriji.jpg\"><img decoding=\"async\" class=\"aligncenter size-full wp-image-7009 lazyload\" data-src=\"https:\/\/ranko-ajdinovic.com\/wp-content\/uploads\/2024\/11\/Ajdinovic-Ranko-fotografiran-u-svojoj-galeriji.jpg\" alt=\"Ajdinovi\u0107 Ranko fotografiran u svojoj galeriji kako dr\u017ei veliku modernu vertikalnu sliku. Najava za dane dru\u017eenja uz umjetnost\" width=\"700\" height=\"933\" data-srcset=\"https:\/\/ranko-ajdinovic.com\/wp-content\/uploads\/2024\/11\/Ajdinovic-Ranko-fotografiran-u-svojoj-galeriji.jpg 700w, https:\/\/ranko-ajdinovic.com\/wp-content\/uploads\/2024\/11\/Ajdinovic-Ranko-fotografiran-u-svojoj-galeriji-600x800.jpg 600w, https:\/\/ranko-ajdinovic.com\/wp-content\/uploads\/2024\/11\/Ajdinovic-Ranko-fotografiran-u-svojoj-galeriji-225x300.jpg 225w\" data-sizes=\"(max-width: 700px) 100vw, 700px\" src=\"data:image\/svg+xml;base64,PHN2ZyB3aWR0aD0iMSIgaGVpZ2h0PSIxIiB4bWxucz0iaHR0cDovL3d3dy53My5vcmcvMjAwMC9zdmciPjwvc3ZnPg==\" style=\"--smush-placeholder-width: 700px; --smush-placeholder-aspect-ratio: 700\/933;\" \/><\/a><\/p>\n<p>Ovu i sljede\u0107u subotu, 23.11. i 30.11., pripremam <strong>Dane za dru\u017eenje i umjetnost<\/strong> u mojoj galeriji &#8211; ateljeu. Sa zadovoljstvom te pozivam na <strong>Dane za dru\u017eenje i umjetnost<\/strong> u mojem umjetni\u010dkom studiju u <strong>Kukuljevi\u0107evoj 1 u Karlovcu (prvi kat)<\/strong>!<\/p>\n<p>Do sada sam posjete organizirao uz prethodne najave, no sada, po prvi puta, ovu i sljede\u0107u subotu otvaram vrata svog ateljea za sve ljubitelje umjetnosti.<\/p>\n<h2>\ud83d\udcc5 <strong>Datumi:<\/strong><\/h2>\n<p><strong>Subota, 23. studenog i 30. studenog 2024.<\/strong><br \/>\n\u23f0 <strong>Vrijeme:<\/strong> 10:00 &#8211; 14:00<br \/>\n\ud83d\udccd <strong>Kako do\u0107i?<\/strong> <a href=\"https:\/\/www.google.com\/maps\/dir\/45.4754304,15.5451392\/Ajdinovic+Studio+-+Slikar,+Ul.+Ivana+Kukuljevi%C4%87a+Sakcinskog+1,+47000,+Karlovac,+Hrvatska\/@45.4854993,15.5400168,1803m\/data=!3m2!1e3!4b1!4m9!4m8!1m1!4e1!1m5!1m1!1s0x47643d13a8662177:0x45670887370661b8!2m2!1d15.5561655!2d45.4915131?entry=ttu&amp;g_ep=EgoyMDI0MTExOC4wIKXMDSoASAFQAw%3D%3D\" target=\"_blank\" rel=\"noopener\">Klikni OVDJE za navigaciju do mog ateljea<\/a>.<\/p>\n<p>&nbsp;<\/p>\n<h2><strong>Posjeti Atelje i Pogledaj Moje Radove<\/strong><\/h2>\n<p>&nbsp;<\/p>\n<p><a href=\"https:\/\/ranko-ajdinovic.com\/wp-content\/uploads\/2024\/11\/Galerija-Atelje-Ajdinovic-Ranka.jpg\"><img decoding=\"async\" class=\"aligncenter size-full wp-image-7010 lazyload\" data-src=\"https:\/\/ranko-ajdinovic.com\/wp-content\/uploads\/2024\/11\/Galerija-Atelje-Ajdinovic-Ranka.jpg\" alt=\"Unutra\u0161njost galerije Ajdinovi\u0107 - dani za dru\u017eenje i umjetnost\" width=\"700\" height=\"525\" data-srcset=\"https:\/\/ranko-ajdinovic.com\/wp-content\/uploads\/2024\/11\/Galerija-Atelje-Ajdinovic-Ranka.jpg 700w, https:\/\/ranko-ajdinovic.com\/wp-content\/uploads\/2024\/11\/Galerija-Atelje-Ajdinovic-Ranka-600x450.jpg 600w, https:\/\/ranko-ajdinovic.com\/wp-content\/uploads\/2024\/11\/Galerija-Atelje-Ajdinovic-Ranka-300x225.jpg 300w\" data-sizes=\"(max-width: 700px) 100vw, 700px\" src=\"data:image\/svg+xml;base64,PHN2ZyB3aWR0aD0iMSIgaGVpZ2h0PSIxIiB4bWxucz0iaHR0cDovL3d3dy53My5vcmcvMjAwMC9zdmciPjwvc3ZnPg==\" style=\"--smush-placeholder-width: 700px; --smush-placeholder-aspect-ratio: 700\/525;\" \/><\/a><\/p>\n<p>Posjeti atelje i otkrij gdje stvaram svoje originalne, moderne umjetni\u010dke slike. Osjeti atmosferu stvarala\u010dkog prostora i uroni u svijet mojih umjetnina u\u017eivo. Pitaj me sve \u0161to te zanima o mojim slikama, stvarala\u010dkom procesu i ukra\u0161avanju doma umjetninama te odabiru pravih slika.<\/p>\n<p>Moje dostupne radove mo\u017ee\u0161 pogledati <a href=\"https:\/\/ranko-ajdinovic.com\/en\/apstraktne-slike-ajdinovic-shop\/\" target=\"_blank\" rel=\"noopener\">klikom OVDJE<\/a>, ali do\u017eivjeti atmosferu ateljea i galerije te vidjeti slike u\u017eivo bit \u0107e ti poseban, jo\u0161 ljep\u0161i do\u017eivljaj. Stojim ti na raspolaganju za sva pitanja u vezi odabira umjetni\u010dkih slika za svaki dom, oko postavljanja i rasporeda slika, odabira veli\u010dine, okvira itd.<\/p>\n<p>Vidimo se u subotu izme\u0111u 10 i 14 sati. Veselim se tvom posjetu! \ud83d\ude0a<\/p>\n<p>Slobodno me nazove\u0161 ili po\u0161alje\u0161 poruku na <strong>095 830 2425<\/strong><\/p>\n<p>Hvala ti \u0161to prati\u0161 moje umjetni\u010dko putovanje!<\/p>\n<p>Ranko<\/p>","protected":false},"excerpt":{"rendered":"<p>Dani za Dru\u017eanje i Umjetnost u Mojem Ateljeu &nbsp; &nbsp; Ovu i sljede\u0107u subotu, 23.11. i 30.11., pripremam Dane za dru\u017eenje i umjetnost u mojoj galeriji &#8211; ateljeu. Sa zadovoljstvom te pozivam na Dane za dru\u017eenje i umjetnost u mojem umjetni\u010dkom studiju u Kukuljevi\u0107evoj 1 u Karlovcu (prvi kat)! Do sada sam posjete organizirao uz [&hellip;]<\/p>\n","protected":false},"author":1,"featured_media":7010,"comment_status":"open","ping_status":"open","sticky":false,"template":"","format":"standard","meta":{"_breakdance_hide_in_design_set":false,"_breakdance_tags":"","footnotes":""},"categories":[441],"tags":[],"class_list":["post-7008","post","type-post","status-publish","format-standard","has-post-thumbnail","hentry","category-blog"],"yoast_head":"<!-- This site is optimized with the Yoast SEO plugin v27.3 - https:\/\/yoast.com\/product\/yoast-seo-wordpress\/ -->\n<title>Dani za dru\u017eenje i umjetnost u Galeriji Ajdinovi\u0107 \u2013 Posjeti Moj Atelje<\/title>\n<meta name=\"description\" content=\"Pridru\u017ei se Danima za dru\u017eenje i umjetnost u Galeriji Ajdinovi\u0107! Posjeti moj atelje, u\u017eivaj u umjetni\u010dkim radovima i osjeti stvarala\u010dku atmosferu\" \/>\n<meta name=\"robots\" content=\"index, follow, max-snippet:-1, max-image-preview:large, max-video-preview:-1\" \/>\n<link rel=\"canonical\" href=\"https:\/\/ranko-ajdinovic.com\/en\/dani-za-druzenje-i-umjetnost-u-galeriji-ajdinovic\/\" \/>\n<meta property=\"og:locale\" content=\"en_US\" \/>\n<meta property=\"og:type\" content=\"article\" \/>\n<meta property=\"og:title\" content=\"Dani za dru\u017eenje i umjetnost u Galeriji Ajdinovi\u0107 \u2013 Posjeti Moj Atelje\" \/>\n<meta property=\"og:description\" content=\"Pridru\u017ei se Danima za dru\u017eenje i umjetnost u Galeriji Ajdinovi\u0107! Posjeti moj atelje, u\u017eivaj u umjetni\u010dkim radovima i osjeti stvarala\u010dku atmosferu\" \/>\n<meta property=\"og:url\" content=\"https:\/\/ranko-ajdinovic.com\/en\/dani-za-druzenje-i-umjetnost-u-galeriji-ajdinovic\/\" \/>\n<meta property=\"og:site_name\" content=\"Ranko Ajdinovic - Moderne slike\" \/>\n<meta property=\"article:published_time\" content=\"2024-11-21T22:43:41+00:00\" \/>\n<meta property=\"og:image\" content=\"https:\/\/ranko-ajdinovic.com\/wp-content\/uploads\/2024\/11\/Galerija-Atelje-Ajdinovic-Ranka.jpg\" \/>\n\t<meta property=\"og:image:width\" content=\"700\" \/>\n\t<meta property=\"og:image:height\" content=\"525\" \/>\n\t<meta property=\"og:image:type\" content=\"image\/jpeg\" \/>\n<meta name=\"author\" content=\"admin\" \/>\n<meta name=\"twitter:card\" content=\"summary_large_image\" \/>\n<meta name=\"twitter:label1\" content=\"Written by\" \/>\n\t<meta name=\"twitter:data1\" content=\"admin\" \/>\n\t<meta name=\"twitter:label2\" content=\"Est. reading time\" \/>\n\t<meta name=\"twitter:data2\" content=\"2 minutes\" \/>\n<script type=\"application\/ld+json\" class=\"yoast-schema-graph\">{\"@context\":\"https:\\\/\\\/schema.org\",\"@graph\":[{\"@type\":\"Article\",\"@id\":\"https:\\\/\\\/ranko-ajdinovic.com\\\/dani-za-druzenje-i-umjetnost-u-galeriji-ajdinovic\\\/#article\",\"isPartOf\":{\"@id\":\"https:\\\/\\\/ranko-ajdinovic.com\\\/dani-za-druzenje-i-umjetnost-u-galeriji-ajdinovic\\\/\"},\"author\":{\"name\":\"admin\",\"@id\":\"https:\\\/\\\/ranko-ajdinovic.com\\\/#\\\/schema\\\/person\\\/0cefe097e1f0568f925016a168bdeba6\"},\"headline\":\"Dani za dru\u017eenje i umjetnost u Galeriji Ajdinovi\u0107\",\"datePublished\":\"2024-11-21T22:43:41+00:00\",\"mainEntityOfPage\":{\"@id\":\"https:\\\/\\\/ranko-ajdinovic.com\\\/dani-za-druzenje-i-umjetnost-u-galeriji-ajdinovic\\\/\"},\"wordCount\":242,\"commentCount\":0,\"publisher\":{\"@id\":\"https:\\\/\\\/ranko-ajdinovic.com\\\/#\\\/schema\\\/person\\\/0cefe097e1f0568f925016a168bdeba6\"},\"image\":{\"@id\":\"https:\\\/\\\/ranko-ajdinovic.com\\\/dani-za-druzenje-i-umjetnost-u-galeriji-ajdinovic\\\/#primaryimage\"},\"thumbnailUrl\":\"https:\\\/\\\/ranko-ajdinovic.com\\\/wp-content\\\/uploads\\\/2024\\\/11\\\/Galerija-Atelje-Ajdinovic-Ranka.jpg\",\"articleSection\":[\"Blog\"],\"inLanguage\":\"en-US\",\"potentialAction\":[{\"@type\":\"CommentAction\",\"name\":\"Comment\",\"target\":[\"https:\\\/\\\/ranko-ajdinovic.com\\\/dani-za-druzenje-i-umjetnost-u-galeriji-ajdinovic\\\/#respond\"]}]},{\"@type\":\"WebPage\",\"@id\":\"https:\\\/\\\/ranko-ajdinovic.com\\\/dani-za-druzenje-i-umjetnost-u-galeriji-ajdinovic\\\/\",\"url\":\"https:\\\/\\\/ranko-ajdinovic.com\\\/dani-za-druzenje-i-umjetnost-u-galeriji-ajdinovic\\\/\",\"name\":\"Dani za dru\u017eenje i umjetnost u Galeriji Ajdinovi\u0107 \u2013 Posjeti Moj Atelje\",\"isPartOf\":{\"@id\":\"https:\\\/\\\/ranko-ajdinovic.com\\\/#website\"},\"primaryImageOfPage\":{\"@id\":\"https:\\\/\\\/ranko-ajdinovic.com\\\/dani-za-druzenje-i-umjetnost-u-galeriji-ajdinovic\\\/#primaryimage\"},\"image\":{\"@id\":\"https:\\\/\\\/ranko-ajdinovic.com\\\/dani-za-druzenje-i-umjetnost-u-galeriji-ajdinovic\\\/#primaryimage\"},\"thumbnailUrl\":\"https:\\\/\\\/ranko-ajdinovic.com\\\/wp-content\\\/uploads\\\/2024\\\/11\\\/Galerija-Atelje-Ajdinovic-Ranka.jpg\",\"datePublished\":\"2024-11-21T22:43:41+00:00\",\"description\":\"Pridru\u017ei se Danima za dru\u017eenje i umjetnost u Galeriji Ajdinovi\u0107! Posjeti moj atelje, u\u017eivaj u umjetni\u010dkim radovima i osjeti stvarala\u010dku atmosferu\",\"breadcrumb\":{\"@id\":\"https:\\\/\\\/ranko-ajdinovic.com\\\/dani-za-druzenje-i-umjetnost-u-galeriji-ajdinovic\\\/#breadcrumb\"},\"inLanguage\":\"en-US\",\"potentialAction\":[{\"@type\":\"ReadAction\",\"target\":[\"https:\\\/\\\/ranko-ajdinovic.com\\\/dani-za-druzenje-i-umjetnost-u-galeriji-ajdinovic\\\/\"]}]},{\"@type\":\"ImageObject\",\"inLanguage\":\"en-US\",\"@id\":\"https:\\\/\\\/ranko-ajdinovic.com\\\/dani-za-druzenje-i-umjetnost-u-galeriji-ajdinovic\\\/#primaryimage\",\"url\":\"https:\\\/\\\/ranko-ajdinovic.com\\\/wp-content\\\/uploads\\\/2024\\\/11\\\/Galerija-Atelje-Ajdinovic-Ranka.jpg\",\"contentUrl\":\"https:\\\/\\\/ranko-ajdinovic.com\\\/wp-content\\\/uploads\\\/2024\\\/11\\\/Galerija-Atelje-Ajdinovic-Ranka.jpg\",\"width\":700,\"height\":525},{\"@type\":\"BreadcrumbList\",\"@id\":\"https:\\\/\\\/ranko-ajdinovic.com\\\/dani-za-druzenje-i-umjetnost-u-galeriji-ajdinovic\\\/#breadcrumb\",\"itemListElement\":[{\"@type\":\"ListItem\",\"position\":1,\"name\":\"Home\",\"item\":\"https:\\\/\\\/ranko-ajdinovic.com\\\/\"},{\"@type\":\"ListItem\",\"position\":2,\"name\":\"Dani za dru\u017eenje i umjetnost u Galeriji Ajdinovi\u0107\"}]},{\"@type\":\"WebSite\",\"@id\":\"https:\\\/\\\/ranko-ajdinovic.com\\\/#website\",\"url\":\"https:\\\/\\\/ranko-ajdinovic.com\\\/\",\"name\":\"Ranko Ajdinovic - Moderne slike\",\"description\":\"\",\"publisher\":{\"@id\":\"https:\\\/\\\/ranko-ajdinovic.com\\\/#\\\/schema\\\/person\\\/0cefe097e1f0568f925016a168bdeba6\"},\"potentialAction\":[{\"@type\":\"SearchAction\",\"target\":{\"@type\":\"EntryPoint\",\"urlTemplate\":\"https:\\\/\\\/ranko-ajdinovic.com\\\/?s={search_term_string}\"},\"query-input\":{\"@type\":\"PropertyValueSpecification\",\"valueRequired\":true,\"valueName\":\"search_term_string\"}}],\"inLanguage\":\"en-US\"},{\"@type\":[\"Person\",\"Organization\"],\"@id\":\"https:\\\/\\\/ranko-ajdinovic.com\\\/#\\\/schema\\\/person\\\/0cefe097e1f0568f925016a168bdeba6\",\"name\":\"admin\",\"image\":{\"@type\":\"ImageObject\",\"inLanguage\":\"en-US\",\"@id\":\"https:\\\/\\\/secure.gravatar.com\\\/avatar\\\/049d970c38cf58812832cd99b964dcdfd90456c8fd7f47da68257f5b08cf289e?s=96&d=mm&r=g\",\"url\":\"https:\\\/\\\/secure.gravatar.com\\\/avatar\\\/049d970c38cf58812832cd99b964dcdfd90456c8fd7f47da68257f5b08cf289e?s=96&d=mm&r=g\",\"contentUrl\":\"https:\\\/\\\/secure.gravatar.com\\\/avatar\\\/049d970c38cf58812832cd99b964dcdfd90456c8fd7f47da68257f5b08cf289e?s=96&d=mm&r=g\",\"caption\":\"admin\"},\"logo\":{\"@id\":\"https:\\\/\\\/secure.gravatar.com\\\/avatar\\\/049d970c38cf58812832cd99b964dcdfd90456c8fd7f47da68257f5b08cf289e?s=96&d=mm&r=g\"},\"sameAs\":[\"https:\\\/\\\/ranko-ajdinovic.com\"]}]}<\/script>\n<!-- \/ Yoast SEO plugin. -->","yoast_head_json":{"title":"Dani za dru\u017eenje i umjetnost u Galeriji Ajdinovi\u0107 \u2013 Posjeti Moj Atelje","description":"Pridru\u017ei se Danima za dru\u017eenje i umjetnost u Galeriji Ajdinovi\u0107! Posjeti moj atelje, u\u017eivaj u umjetni\u010dkim radovima i osjeti stvarala\u010dku atmosferu","robots":{"index":"index","follow":"follow","max-snippet":"max-snippet:-1","max-image-preview":"max-image-preview:large","max-video-preview":"max-video-preview:-1"},"canonical":"https:\/\/ranko-ajdinovic.com\/en\/dani-za-druzenje-i-umjetnost-u-galeriji-ajdinovic\/","og_locale":"en_US","og_type":"article","og_title":"Dani za dru\u017eenje i umjetnost u Galeriji Ajdinovi\u0107 \u2013 Posjeti Moj Atelje","og_description":"Pridru\u017ei se Danima za dru\u017eenje i umjetnost u Galeriji Ajdinovi\u0107! Posjeti moj atelje, u\u017eivaj u umjetni\u010dkim radovima i osjeti stvarala\u010dku atmosferu","og_url":"https:\/\/ranko-ajdinovic.com\/en\/dani-za-druzenje-i-umjetnost-u-galeriji-ajdinovic\/","og_site_name":"Ranko Ajdinovic - Moderne slike","article_published_time":"2024-11-21T22:43:41+00:00","og_image":[{"width":700,"height":525,"url":"https:\/\/ranko-ajdinovic.com\/wp-content\/uploads\/2024\/11\/Galerija-Atelje-Ajdinovic-Ranka.jpg","type":"image\/jpeg"}],"author":"admin","twitter_card":"summary_large_image","twitter_misc":{"Written by":"admin","Est. reading time":"2 minutes"},"schema":{"@context":"https:\/\/schema.org","@graph":[{"@type":"Article","@id":"https:\/\/ranko-ajdinovic.com\/dani-za-druzenje-i-umjetnost-u-galeriji-ajdinovic\/#article","isPartOf":{"@id":"https:\/\/ranko-ajdinovic.com\/dani-za-druzenje-i-umjetnost-u-galeriji-ajdinovic\/"},"author":{"name":"admin","@id":"https:\/\/ranko-ajdinovic.com\/#\/schema\/person\/0cefe097e1f0568f925016a168bdeba6"},"headline":"Dani za dru\u017eenje i umjetnost u Galeriji Ajdinovi\u0107","datePublished":"2024-11-21T22:43:41+00:00","mainEntityOfPage":{"@id":"https:\/\/ranko-ajdinovic.com\/dani-za-druzenje-i-umjetnost-u-galeriji-ajdinovic\/"},"wordCount":242,"commentCount":0,"publisher":{"@id":"https:\/\/ranko-ajdinovic.com\/#\/schema\/person\/0cefe097e1f0568f925016a168bdeba6"},"image":{"@id":"https:\/\/ranko-ajdinovic.com\/dani-za-druzenje-i-umjetnost-u-galeriji-ajdinovic\/#primaryimage"},"thumbnailUrl":"https:\/\/ranko-ajdinovic.com\/wp-content\/uploads\/2024\/11\/Galerija-Atelje-Ajdinovic-Ranka.jpg","articleSection":["Blog"],"inLanguage":"en-US","potentialAction":[{"@type":"CommentAction","name":"Comment","target":["https:\/\/ranko-ajdinovic.com\/dani-za-druzenje-i-umjetnost-u-galeriji-ajdinovic\/#respond"]}]},{"@type":"WebPage","@id":"https:\/\/ranko-ajdinovic.com\/dani-za-druzenje-i-umjetnost-u-galeriji-ajdinovic\/","url":"https:\/\/ranko-ajdinovic.com\/dani-za-druzenje-i-umjetnost-u-galeriji-ajdinovic\/","name":"Dani za dru\u017eenje i umjetnost u Galeriji Ajdinovi\u0107 \u2013 Posjeti Moj Atelje","isPartOf":{"@id":"https:\/\/ranko-ajdinovic.com\/#website"},"primaryImageOfPage":{"@id":"https:\/\/ranko-ajdinovic.com\/dani-za-druzenje-i-umjetnost-u-galeriji-ajdinovic\/#primaryimage"},"image":{"@id":"https:\/\/ranko-ajdinovic.com\/dani-za-druzenje-i-umjetnost-u-galeriji-ajdinovic\/#primaryimage"},"thumbnailUrl":"https:\/\/ranko-ajdinovic.com\/wp-content\/uploads\/2024\/11\/Galerija-Atelje-Ajdinovic-Ranka.jpg","datePublished":"2024-11-21T22:43:41+00:00","description":"Pridru\u017ei se Danima za dru\u017eenje i umjetnost u Galeriji Ajdinovi\u0107! Posjeti moj atelje, u\u017eivaj u umjetni\u010dkim radovima i osjeti stvarala\u010dku atmosferu","breadcrumb":{"@id":"https:\/\/ranko-ajdinovic.com\/dani-za-druzenje-i-umjetnost-u-galeriji-ajdinovic\/#breadcrumb"},"inLanguage":"en-US","potentialAction":[{"@type":"ReadAction","target":["https:\/\/ranko-ajdinovic.com\/dani-za-druzenje-i-umjetnost-u-galeriji-ajdinovic\/"]}]},{"@type":"ImageObject","inLanguage":"en-US","@id":"https:\/\/ranko-ajdinovic.com\/dani-za-druzenje-i-umjetnost-u-galeriji-ajdinovic\/#primaryimage","url":"https:\/\/ranko-ajdinovic.com\/wp-content\/uploads\/2024\/11\/Galerija-Atelje-Ajdinovic-Ranka.jpg","contentUrl":"https:\/\/ranko-ajdinovic.com\/wp-content\/uploads\/2024\/11\/Galerija-Atelje-Ajdinovic-Ranka.jpg","width":700,"height":525},{"@type":"BreadcrumbList","@id":"https:\/\/ranko-ajdinovic.com\/dani-za-druzenje-i-umjetnost-u-galeriji-ajdinovic\/#breadcrumb","itemListElement":[{"@type":"ListItem","position":1,"name":"Home","item":"https:\/\/ranko-ajdinovic.com\/"},{"@type":"ListItem","position":2,"name":"Dani za dru\u017eenje i umjetnost u Galeriji Ajdinovi\u0107"}]},{"@type":"WebSite","@id":"https:\/\/ranko-ajdinovic.com\/#website","url":"https:\/\/ranko-ajdinovic.com\/","name":"Ranko Ajdinovic - Modern pictures","description":"","publisher":{"@id":"https:\/\/ranko-ajdinovic.com\/#\/schema\/person\/0cefe097e1f0568f925016a168bdeba6"},"potentialAction":[{"@type":"SearchAction","target":{"@type":"EntryPoint","urlTemplate":"https:\/\/ranko-ajdinovic.com\/?s={search_term_string}"},"query-input":{"@type":"PropertyValueSpecification","valueRequired":true,"valueName":"search_term_string"}}],"inLanguage":"en-US"},{"@type":["Person","Organization"],"@id":"https:\/\/ranko-ajdinovic.com\/#\/schema\/person\/0cefe097e1f0568f925016a168bdeba6","name":"admin","image":{"@type":"ImageObject","inLanguage":"en-US","@id":"https:\/\/secure.gravatar.com\/avatar\/049d970c38cf58812832cd99b964dcdfd90456c8fd7f47da68257f5b08cf289e?s=96&d=mm&r=g","url":"https:\/\/secure.gravatar.com\/avatar\/049d970c38cf58812832cd99b964dcdfd90456c8fd7f47da68257f5b08cf289e?s=96&d=mm&r=g","contentUrl":"https:\/\/secure.gravatar.com\/avatar\/049d970c38cf58812832cd99b964dcdfd90456c8fd7f47da68257f5b08cf289e?s=96&d=mm&r=g","caption":"admin"},"logo":{"@id":"https:\/\/secure.gravatar.com\/avatar\/049d970c38cf58812832cd99b964dcdfd90456c8fd7f47da68257f5b08cf289e?s=96&d=mm&r=g"},"sameAs":["https:\/\/ranko-ajdinovic.com"]}]}},"_links":{"self":[{"href":"https:\/\/ranko-ajdinovic.com\/en\/wp-json\/wp\/v2\/posts\/7008","targetHints":{"allow":["GET"]}}],"collection":[{"href":"https:\/\/ranko-ajdinovic.com\/en\/wp-json\/wp\/v2\/posts"}],"about":[{"href":"https:\/\/ranko-ajdinovic.com\/en\/wp-json\/wp\/v2\/types\/post"}],"author":[{"embeddable":true,"href":"https:\/\/ranko-ajdinovic.com\/en\/wp-json\/wp\/v2\/users\/1"}],"replies":[{"embeddable":true,"href":"https:\/\/ranko-ajdinovic.com\/en\/wp-json\/wp\/v2\/comments?post=7008"}],"version-history":[{"count":0,"href":"https:\/\/ranko-ajdinovic.com\/en\/wp-json\/wp\/v2\/posts\/7008\/revisions"}],"wp:featuredmedia":[{"embeddable":true,"href":"https:\/\/ranko-ajdinovic.com\/en\/wp-json\/wp\/v2\/media\/7010"}],"wp:attachment":[{"href":"https:\/\/ranko-ajdinovic.com\/en\/wp-json\/wp\/v2\/media?parent=7008"}],"wp:term":[{"taxonomy":"category","embeddable":true,"href":"https:\/\/ranko-ajdinovic.com\/en\/wp-json\/wp\/v2\/categories?post=7008"},{"taxonomy":"post_tag","embeddable":true,"href":"https:\/\/ranko-ajdinovic.com\/en\/wp-json\/wp\/v2\/tags?post=7008"}],"curies":[{"name":"wp","href":"https:\/\/api.w.org\/{rel}","templated":true}]}}